{"id":1,"name":"sarue","url":"","description":"","link":"https:\/\/imovelcomercial.imb.br\/novo\/author\/sarue\/","slug":"sarue","avatar_urls":{"24":"https:\/\/secure.gravatar.com\/avatar\/41bf698bb141c25947835e71b685d87933560b83b74f944f5b4a7ec6a3d69f22?s=24&d=mm&r=g","48":"https:\/\/secure.gravatar.com\/avatar\/41bf698bb141c25947835e71b685d87933560b83b74f944f5b4a7ec6a3d69f22?s=48&d=mm&r=g","96":"https:\/\/secure.gravatar.com\/avatar\/41bf698bb141c25947835e71b685d87933560b83b74f944f5b4a7ec6a3d69f22?s=96&d=mm&r=g"},"meta":[],"yoast_head":"<!-- This site is optimized with the Yoast SEO plugin v23.3 - https:\/\/yoast.com\/wordpress\/plugins\/seo\/ -->\n<title>sarue, Autor em Im\u00f3vel Comercial - S\u00e3o Paulo<\/title>\n<meta name=\"robots\" content=\"index, follow, max-snippet:-1, max-image-preview:large, max-video-preview:-1\" \/>\n<link rel=\"canonical\" href=\"https:\/\/imovelcomercial.imb.br\/novo\/author\/sarue\/\" \/>\n<meta property=\"og:locale\" content=\"pt_BR\" \/>\n<meta property=\"og:type\" content=\"profile\" \/>\n<meta property=\"og:title\" content=\"sarue, Autor em Im\u00f3vel Comercial - S\u00e3o Paulo\" \/>\n<meta property=\"og:url\" content=\"https:\/\/imovelcomercial.imb.br\/novo\/author\/sarue\/\" \/>\n<meta property=\"og:site_name\" content=\"Im\u00f3vel Comercial - S\u00e3o Paulo\" \/>\n<meta property=\"og:image\" content=\"https:\/\/secure.gravatar.com\/avatar\/dced7d46b6d07a2ee4ecf6716e9dedfc?s=500&d=mm&r=g\" \/>\n<script type=\"application\/ld+json\" class=\"yoast-schema-graph\">{\"@context\":\"https:\/\/schema.org\",\"@graph\":[{\"@type\":\"ProfilePage\",\"@id\":\"https:\/\/imovelcomercial.imb.br\/novo\/author\/sarue\/\",\"url\":\"https:\/\/imovelcomercial.imb.br\/novo\/author\/sarue\/\",\"name\":\"sarue, Autor em Im\u00f3vel Comercial - S\u00e3o Paulo\",\"isPartOf\":{\"@id\":\"https:\/\/imovelcomercial.imb.br\/novo\/#website\"},\"breadcrumb\":{\"@id\":\"https:\/\/imovelcomercial.imb.br\/novo\/author\/sarue\/#breadcrumb\"},\"inLanguage\":\"pt-BR\",\"potentialAction\":[{\"@type\":\"ReadAction\",\"target\":[\"https:\/\/imovelcomercial.imb.br\/novo\/author\/sarue\/\"]}]},{\"@type\":\"BreadcrumbList\",\"@id\":\"https:\/\/imovelcomercial.imb.br\/novo\/author\/sarue\/#breadcrumb\",\"itemListElement\":[{\"@type\":\"ListItem\",\"position\":1,\"name\":\"Home\",\"item\":\"https:\/\/imovelcomercial.imb.br\/novo\/\"},{\"@type\":\"ListItem\",\"position\":2,\"name\":\"Archives for sarue\"}]},{\"@type\":\"WebSite\",\"@id\":\"https:\/\/imovelcomercial.imb.br\/novo\/#website\",\"url\":\"https:\/\/imovelcomercial.imb.br\/novo\/\",\"name\":\"Im\u00f3vel Comercial - S\u00e3o Paulo\",\"description\":\"Imovel Comercial em S\u00e3o Paulo - Regi\u00e3o da Paulista, Itaim, Vila Olimpia e Berrini\",\"publisher\":{\"@id\":\"https:\/\/imovelcomercial.imb.br\/novo\/#organization\"},\"potentialAction\":[{\"@type\":\"SearchAction\",\"target\":{\"@type\":\"EntryPoint\",\"urlTemplate\":\"https:\/\/imovelcomercial.imb.br\/novo\/?s={search_term_string}\"},\"query-input\":\"required name=search_term_string\"}],\"inLanguage\":\"pt-BR\"},{\"@type\":\"Organization\",\"@id\":\"https:\/\/imovelcomercial.imb.br\/novo\/#organization\",\"name\":\"Im\u00f3vel Comercial - S\u00e3o Paulo\",\"url\":\"https:\/\/imovelcomercial.imb.br\/novo\/\",\"logo\":{\"@type\":\"ImageObject\",\"inLanguage\":\"pt-BR\",\"@id\":\"https:\/\/imovelcomercial.imb.br\/novo\/#\/schema\/logo\/image\/\",\"url\":\"https:\/\/imovelcomercial.imb.br\/novo\/wp-content\/uploads\/2022\/03\/logo.svg\",\"contentUrl\":\"https:\/\/imovelcomercial.imb.br\/novo\/wp-content\/uploads\/2022\/03\/logo.svg\",\"caption\":\"Im\u00f3vel Comercial - S\u00e3o Paulo\"},\"image\":{\"@id\":\"https:\/\/imovelcomercial.imb.br\/novo\/#\/schema\/logo\/image\/\"}},{\"@type\":\"Person\",\"@id\":\"https:\/\/imovelcomercial.imb.br\/novo\/#\/schema\/person\/cadfddb51e07c9bc6fe4fb57c529a45c\",\"name\":\"sarue\",\"image\":{\"@type\":\"ImageObject\",\"inLanguage\":\"pt-BR\",\"@id\":\"https:\/\/imovelcomercial.imb.br\/novo\/#\/schema\/person\/image\/\",\"url\":\"https:\/\/secure.gravatar.com\/avatar\/41bf698bb141c25947835e71b685d87933560b83b74f944f5b4a7ec6a3d69f22?s=96&d=mm&r=g\",\"contentUrl\":\"https:\/\/secure.gravatar.com\/avatar\/41bf698bb141c25947835e71b685d87933560b83b74f944f5b4a7ec6a3d69f22?s=96&d=mm&r=g\",\"caption\":\"sarue\"},\"mainEntityOfPage\":{\"@id\":\"https:\/\/imovelcomercial.imb.br\/novo\/author\/sarue\/\"}}]}<\/script>\n<!-- \/ Yoast SEO plugin. -->","yoast_head_json":{"title":"sarue, Autor em Im\u00f3vel Comercial - S\u00e3o Paulo","robots":{"index":"index","follow":"follow","max-snippet":"max-snippet:-1","max-image-preview":"max-image-preview:large","max-video-preview":"max-video-preview:-1"},"canonical":"https:\/\/imovelcomercial.imb.br\/novo\/author\/sarue\/","og_locale":"pt_BR","og_type":"profile","og_title":"sarue, Autor em Im\u00f3vel Comercial - S\u00e3o Paulo","og_url":"https:\/\/imovelcomercial.imb.br\/novo\/author\/sarue\/","og_site_name":"Im\u00f3vel Comercial - S\u00e3o Paulo","og_image":[{"url":"https:\/\/secure.gravatar.com\/avatar\/dced7d46b6d07a2ee4ecf6716e9dedfc?s=500&d=mm&r=g"}],"schema":{"@context":"https:\/\/schema.org","@graph":[{"@type":"ProfilePage","@id":"https:\/\/imovelcomercial.imb.br\/novo\/author\/sarue\/","url":"https:\/\/imovelcomercial.imb.br\/novo\/author\/sarue\/","name":"sarue, Autor em Im\u00f3vel Comercial - S\u00e3o Paulo","isPartOf":{"@id":"https:\/\/imovelcomercial.imb.br\/novo\/#website"},"breadcrumb":{"@id":"https:\/\/imovelcomercial.imb.br\/novo\/author\/sarue\/#breadcrumb"},"inLanguage":"pt-BR","potentialAction":[{"@type":"ReadAction","target":["https:\/\/imovelcomercial.imb.br\/novo\/author\/sarue\/"]}]},{"@type":"BreadcrumbList","@id":"https:\/\/imovelcomercial.imb.br\/novo\/author\/sarue\/#breadcrumb","itemListElement":[{"@type":"ListItem","position":1,"name":"Home","item":"https:\/\/imovelcomercial.imb.br\/novo\/"},{"@type":"ListItem","position":2,"name":"Archives for sarue"}]},{"@type":"WebSite","@id":"https:\/\/imovelcomercial.imb.br\/novo\/#website","url":"https:\/\/imovelcomercial.imb.br\/novo\/","name":"Im\u00f3vel Comercial - S\u00e3o Paulo","description":"Imovel Comercial em S\u00e3o Paulo - Regi\u00e3o da Paulista, Itaim, Vila Olimpia e Berrini","publisher":{"@id":"https:\/\/imovelcomercial.imb.br\/novo\/#organization"},"potentialAction":[{"@type":"SearchAction","target":{"@type":"EntryPoint","urlTemplate":"https:\/\/imovelcomercial.imb.br\/novo\/?s={search_term_string}"},"query-input":"required name=search_term_string"}],"inLanguage":"pt-BR"},{"@type":"Organization","@id":"https:\/\/imovelcomercial.imb.br\/novo\/#organization","name":"Im\u00f3vel Comercial - S\u00e3o Paulo","url":"https:\/\/imovelcomercial.imb.br\/novo\/","logo":{"@type":"ImageObject","inLanguage":"pt-BR","@id":"https:\/\/imovelcomercial.imb.br\/novo\/#\/schema\/logo\/image\/","url":"https:\/\/imovelcomercial.imb.br\/novo\/wp-content\/uploads\/2022\/03\/logo.svg","contentUrl":"https:\/\/imovelcomercial.imb.br\/novo\/wp-content\/uploads\/2022\/03\/logo.svg","caption":"Im\u00f3vel Comercial - S\u00e3o Paulo"},"image":{"@id":"https:\/\/imovelcomercial.imb.br\/novo\/#\/schema\/logo\/image\/"}},{"@type":"Person","@id":"https:\/\/imovelcomercial.imb.br\/novo\/#\/schema\/person\/cadfddb51e07c9bc6fe4fb57c529a45c","name":"sarue","image":{"@type":"ImageObject","inLanguage":"pt-BR","@id":"https:\/\/imovelcomercial.imb.br\/novo\/#\/schema\/person\/image\/","url":"https:\/\/secure.gravatar.com\/avatar\/41bf698bb141c25947835e71b685d87933560b83b74f944f5b4a7ec6a3d69f22?s=96&d=mm&r=g","contentUrl":"https:\/\/secure.gravatar.com\/avatar\/41bf698bb141c25947835e71b685d87933560b83b74f944f5b4a7ec6a3d69f22?s=96&d=mm&r=g","caption":"sarue"},"mainEntityOfPage":{"@id":"https:\/\/imovelcomercial.imb.br\/novo\/author\/sarue\/"}}]}},"_links":{"self":[{"href":"https:\/\/imovelcomercial.imb.br\/novo\/wp-json\/wp\/v2\/users\/1","targetHints":{"allow":["GET"]}}],"collection":[{"href":"https:\/\/imovelcomercial.imb.br\/novo\/wp-json\/wp\/v2\/users"}]}}