{"id":92,"date":"2014-02-25T00:06:10","date_gmt":"2014-02-25T03:06:10","guid":{"rendered":"http:\/\/www.imovelcomercial.imb.br\/novo\/?p=92"},"modified":"2014-02-25T00:07:57","modified_gmt":"2014-02-25T03:07:57","slug":"conheca-nossa-empresa","status":"publish","type":"post","link":"https:\/\/imovelcomercial.imb.br\/novo\/conheca-nossa-empresa\/","title":{"rendered":"Conhe\u00e7a nossa Empresa"},"content":{"rendered":"<p align=\"center\"><span>SARU\u00ca SOLU\u00c7\u00d5ES IMOBILI\u00c1RIAS<\/span><\/p>\n<p>Uma empresa configura sua real exist\u00eancia no momento em que tem o seu nome escolhido. Um nome porta as ins\u00edgnias da individualidade e reflete o desejo de uma coletividade. Simboliza o projeto. Exp\u00f5e. O nome carrega em si a hist\u00f3ria e se identifica com o percurso a ser constru\u00eddo. Por isso a escolha de Saru\u00ea. Um nome que relata a hist\u00f3ria de um percurso, de uma viagem, a um lugar onde a amizade, o trabalho e a alegria seguem de forma harmoniosa.<\/p>\n<p>Como diz o cordel (conhe\u00e7a o cordel, <a href=\"http:\/\/ler.letras.up.pt\/uploads\/ficheiros\/931.pdf\">Clique aqui<\/a>), \u201co povo em \u201cS\u00e3o Saru\u00ea\u201d tudo tem felicidade, passa bem, anda decente, n\u00e3o h\u00e1 contrariedade.\u201d \u201cTudo l\u00e1 \u00e9 festa e harmonia, paz, bem-querer, amizade, prazer, tranq\u00fcilidade e alegria\u201d.<\/p>\n<p>A<b> <\/b>SARU\u00ca SOLU\u00c7\u00d5ES IMOBILI\u00c1RIAS \u00e9 uma empresa conceitual. N\u00e3o um logotipo. Mas uma marca de refer\u00eancia. Onde a qualidade transparece desde o momento da abertura das suas portas. No estilo de lidar com seus profissionais integrantes da equipe. Na confian\u00e7a creditada ao manejo de solu\u00e7\u00f5es,\u00a0 permitindo que a individualidade seja valorizada e incentivada.<\/p>\n<p>E assim habilita-se.\u00a0 Respeitando seu nome e os que participam deste nome. Como uma integra\u00e7\u00e3o entre o que est\u00e1 escrito e o que ser\u00e1 lido. Uma tradu\u00e7\u00e3o fiel ao ideal. Um lugar que n\u00e3o se limita ao espa\u00e7o. N\u00e3o se limita a ofertas. N\u00e3o se limita \u00e0 rotina de negocia\u00e7\u00f5es frias e impessoais. Muito mais que tudo isso.\u00a0 \u00c9 um Lugar que permite que as negocia\u00e7\u00f5es evoluam com a clareza e a confian\u00e7a de quem acolhe e oportuniza que uma id\u00e9ia seja concretizada.<\/p>\n<p>N\u00e3o se consegue isso com discursos ou com raz\u00f5es minimizadas que acabam comprometendo a vida profissional. A proposta da <b>SARU\u00ca SOLU\u00c7\u00d5ES IMOBILI\u00c1RIAS<\/b> \u00e9 viabilizada por um conceito inscrito. H\u00e1 uma inten\u00e7\u00e3o dentro da proposta, definida e caracterizada por atitudes e padr\u00f5es criteriosamente estabelecidos. Os profissionais integrantes da equipe, sempre direcionados a um atendimento personalizado dos seus clientes, exercem suas atividades onde o respeito, a \u00e9tica e funcionalidade se entrela\u00e7am com a objetiva\u00e7\u00e3o e a qualidade.<\/p>\n<p>A<b> SARU\u00ca SOLU\u00c7\u00d5ES IMOBILI\u00c1RIAS<\/b> se integra ao seu nome, conceituando sua marca. Com metas e propostas bem definidas. Desenhando um contorno de absoluta seguran\u00e7a dentro destas metas e propostas.<\/p>\n<p align=\"center\">\u201cchegando mais perto eu li dizendo: \u201cS\u00e3o Saru\u00ea\u201d \u00e9 este lugar aqui.\u201d<\/p>\n<p>Luiz Augusto de Almeida<\/p>\n","protected":false},"excerpt":{"rendered":"<p>SARU\u00ca SOLU\u00c7\u00d5ES IMOBILI\u00c1RIAS Uma empresa configura sua real exist\u00eancia no momento em que tem o seu nome escolhido. Um nome porta as ins\u00edgnias da individualidade e reflete o desejo de uma coletividade. Simboliza o projeto. Exp\u00f5e. O nome carrega em si a hist\u00f3ria e se identifica com o percurso a ser constru\u00eddo. Por isso a [&hellip;]<\/p>\n","protected":false},"author":1,"featured_media":0,"comment_status":"open","ping_status":"open","sticky":false,"template":"","format":"standard","meta":{"_et_pb_use_builder":"","_et_pb_old_content":"","footnotes":""},"categories":[8],"tags":[],"class_list":["post-92","post","type-post","status-publish","format-standard","hentry","category-destaque"],"yoast_head":"<!-- This site is optimized with the Yoast SEO plugin v23.3 - https:\/\/yoast.com\/wordpress\/plugins\/seo\/ -->\n<title>Conhe\u00e7a nossa Empresa - Im\u00f3vel Comercial - S\u00e3o Paulo<\/title>\n<meta name=\"robots\" content=\"index, follow, max-snippet:-1, max-image-preview:large, max-video-preview:-1\" \/>\n<link rel=\"canonical\" href=\"https:\/\/imovelcomercial.imb.br\/novo\/conheca-nossa-empresa\/\" \/>\n<meta property=\"og:locale\" content=\"pt_BR\" \/>\n<meta property=\"og:type\" content=\"article\" \/>\n<meta property=\"og:title\" content=\"Conhe\u00e7a nossa Empresa - Im\u00f3vel Comercial - S\u00e3o Paulo\" \/>\n<meta property=\"og:description\" content=\"SARU\u00ca SOLU\u00c7\u00d5ES IMOBILI\u00c1RIAS Uma empresa configura sua real exist\u00eancia no momento em que tem o seu nome escolhido. Um nome porta as ins\u00edgnias da individualidade e reflete o desejo de uma coletividade. Simboliza o projeto. Exp\u00f5e. O nome carrega em si a hist\u00f3ria e se identifica com o percurso a ser constru\u00eddo. Por isso a [&hellip;]\" \/>\n<meta property=\"og:url\" content=\"https:\/\/imovelcomercial.imb.br\/novo\/conheca-nossa-empresa\/\" \/>\n<meta property=\"og:site_name\" content=\"Im\u00f3vel Comercial - S\u00e3o Paulo\" \/>\n<meta property=\"article:published_time\" content=\"2014-02-25T03:06:10+00:00\" \/>\n<meta property=\"article:modified_time\" content=\"2014-02-25T03:07:57+00:00\" \/>\n<meta name=\"author\" content=\"sarue\" \/>\n<meta name=\"twitter:label1\" content=\"Escrito por\" \/>\n\t<meta name=\"twitter:data1\" content=\"sarue\" \/>\n\t<meta name=\"twitter:label2\" content=\"Est. tempo de leitura\" \/>\n\t<meta name=\"twitter:data2\" content=\"2 minutos\" \/>\n<script type=\"application\/ld+json\" class=\"yoast-schema-graph\">{\"@context\":\"https:\/\/schema.org\",\"@graph\":[{\"@type\":\"Article\",\"@id\":\"https:\/\/imovelcomercial.imb.br\/novo\/conheca-nossa-empresa\/#article\",\"isPartOf\":{\"@id\":\"https:\/\/imovelcomercial.imb.br\/novo\/conheca-nossa-empresa\/\"},\"author\":{\"name\":\"sarue\",\"@id\":\"https:\/\/imovelcomercial.imb.br\/novo\/#\/schema\/person\/cadfddb51e07c9bc6fe4fb57c529a45c\"},\"headline\":\"Conhe\u00e7a nossa Empresa\",\"datePublished\":\"2014-02-25T03:06:10+00:00\",\"dateModified\":\"2014-02-25T03:07:57+00:00\",\"mainEntityOfPage\":{\"@id\":\"https:\/\/imovelcomercial.imb.br\/novo\/conheca-nossa-empresa\/\"},\"wordCount\":416,\"commentCount\":0,\"publisher\":{\"@id\":\"https:\/\/imovelcomercial.imb.br\/novo\/#organization\"},\"articleSection\":[\"Destaque\"],\"inLanguage\":\"pt-BR\",\"potentialAction\":[{\"@type\":\"CommentAction\",\"name\":\"Comment\",\"target\":[\"https:\/\/imovelcomercial.imb.br\/novo\/conheca-nossa-empresa\/#respond\"]}]},{\"@type\":\"WebPage\",\"@id\":\"https:\/\/imovelcomercial.imb.br\/novo\/conheca-nossa-empresa\/\",\"url\":\"https:\/\/imovelcomercial.imb.br\/novo\/conheca-nossa-empresa\/\",\"name\":\"Conhe\u00e7a nossa Empresa - Im\u00f3vel Comercial - S\u00e3o Paulo\",\"isPartOf\":{\"@id\":\"https:\/\/imovelcomercial.imb.br\/novo\/#website\"},\"datePublished\":\"2014-02-25T03:06:10+00:00\",\"dateModified\":\"2014-02-25T03:07:57+00:00\",\"breadcrumb\":{\"@id\":\"https:\/\/imovelcomercial.imb.br\/novo\/conheca-nossa-empresa\/#breadcrumb\"},\"inLanguage\":\"pt-BR\",\"potentialAction\":[{\"@type\":\"ReadAction\",\"target\":[\"https:\/\/imovelcomercial.imb.br\/novo\/conheca-nossa-empresa\/\"]}]},{\"@type\":\"BreadcrumbList\",\"@id\":\"https:\/\/imovelcomercial.imb.br\/novo\/conheca-nossa-empresa\/#breadcrumb\",\"itemListElement\":[{\"@type\":\"ListItem\",\"position\":1,\"name\":\"Home\",\"item\":\"https:\/\/imovelcomercial.imb.br\/novo\/\"},{\"@type\":\"ListItem\",\"position\":2,\"name\":\"Conhe\u00e7a nossa Empresa\"}]},{\"@type\":\"WebSite\",\"@id\":\"https:\/\/imovelcomercial.imb.br\/novo\/#website\",\"url\":\"https:\/\/imovelcomercial.imb.br\/novo\/\",\"name\":\"Im\u00f3vel Comercial - S\u00e3o Paulo\",\"description\":\"Imovel Comercial em S\u00e3o Paulo - Regi\u00e3o da Paulista, Itaim, Vila Olimpia e Berrini\",\"publisher\":{\"@id\":\"https:\/\/imovelcomercial.imb.br\/novo\/#organization\"},\"potentialAction\":[{\"@type\":\"SearchAction\",\"target\":{\"@type\":\"EntryPoint\",\"urlTemplate\":\"https:\/\/imovelcomercial.imb.br\/novo\/?s={search_term_string}\"},\"query-input\":\"required name=search_term_string\"}],\"inLanguage\":\"pt-BR\"},{\"@type\":\"Organization\",\"@id\":\"https:\/\/imovelcomercial.imb.br\/novo\/#organization\",\"name\":\"Im\u00f3vel Comercial - S\u00e3o Paulo\",\"url\":\"https:\/\/imovelcomercial.imb.br\/novo\/\",\"logo\":{\"@type\":\"ImageObject\",\"inLanguage\":\"pt-BR\",\"@id\":\"https:\/\/imovelcomercial.imb.br\/novo\/#\/schema\/logo\/image\/\",\"url\":\"https:\/\/imovelcomercial.imb.br\/novo\/wp-content\/uploads\/2022\/03\/logo.svg\",\"contentUrl\":\"https:\/\/imovelcomercial.imb.br\/novo\/wp-content\/uploads\/2022\/03\/logo.svg\",\"caption\":\"Im\u00f3vel Comercial - S\u00e3o Paulo\"},\"image\":{\"@id\":\"https:\/\/imovelcomercial.imb.br\/novo\/#\/schema\/logo\/image\/\"}},{\"@type\":\"Person\",\"@id\":\"https:\/\/imovelcomercial.imb.br\/novo\/#\/schema\/person\/cadfddb51e07c9bc6fe4fb57c529a45c\",\"name\":\"sarue\",\"image\":{\"@type\":\"ImageObject\",\"inLanguage\":\"pt-BR\",\"@id\":\"https:\/\/imovelcomercial.imb.br\/novo\/#\/schema\/person\/image\/\",\"url\":\"https:\/\/secure.gravatar.com\/avatar\/41bf698bb141c25947835e71b685d87933560b83b74f944f5b4a7ec6a3d69f22?s=96&d=mm&r=g\",\"contentUrl\":\"https:\/\/secure.gravatar.com\/avatar\/41bf698bb141c25947835e71b685d87933560b83b74f944f5b4a7ec6a3d69f22?s=96&d=mm&r=g\",\"caption\":\"sarue\"},\"url\":\"https:\/\/imovelcomercial.imb.br\/novo\/author\/sarue\/\"}]}<\/script>\n<!-- \/ Yoast SEO plugin. -->","yoast_head_json":{"title":"Conhe\u00e7a nossa Empresa - Im\u00f3vel Comercial - S\u00e3o Paulo","robots":{"index":"index","follow":"follow","max-snippet":"max-snippet:-1","max-image-preview":"max-image-preview:large","max-video-preview":"max-video-preview:-1"},"canonical":"https:\/\/imovelcomercial.imb.br\/novo\/conheca-nossa-empresa\/","og_locale":"pt_BR","og_type":"article","og_title":"Conhe\u00e7a nossa Empresa - Im\u00f3vel Comercial - S\u00e3o Paulo","og_description":"SARU\u00ca SOLU\u00c7\u00d5ES IMOBILI\u00c1RIAS Uma empresa configura sua real exist\u00eancia no momento em que tem o seu nome escolhido. Um nome porta as ins\u00edgnias da individualidade e reflete o desejo de uma coletividade. Simboliza o projeto. Exp\u00f5e. O nome carrega em si a hist\u00f3ria e se identifica com o percurso a ser constru\u00eddo. Por isso a [&hellip;]","og_url":"https:\/\/imovelcomercial.imb.br\/novo\/conheca-nossa-empresa\/","og_site_name":"Im\u00f3vel Comercial - S\u00e3o Paulo","article_published_time":"2014-02-25T03:06:10+00:00","article_modified_time":"2014-02-25T03:07:57+00:00","author":"sarue","twitter_misc":{"Escrito por":"sarue","Est. tempo de leitura":"2 minutos"},"schema":{"@context":"https:\/\/schema.org","@graph":[{"@type":"Article","@id":"https:\/\/imovelcomercial.imb.br\/novo\/conheca-nossa-empresa\/#article","isPartOf":{"@id":"https:\/\/imovelcomercial.imb.br\/novo\/conheca-nossa-empresa\/"},"author":{"name":"sarue","@id":"https:\/\/imovelcomercial.imb.br\/novo\/#\/schema\/person\/cadfddb51e07c9bc6fe4fb57c529a45c"},"headline":"Conhe\u00e7a nossa Empresa","datePublished":"2014-02-25T03:06:10+00:00","dateModified":"2014-02-25T03:07:57+00:00","mainEntityOfPage":{"@id":"https:\/\/imovelcomercial.imb.br\/novo\/conheca-nossa-empresa\/"},"wordCount":416,"commentCount":0,"publisher":{"@id":"https:\/\/imovelcomercial.imb.br\/novo\/#organization"},"articleSection":["Destaque"],"inLanguage":"pt-BR","potentialAction":[{"@type":"CommentAction","name":"Comment","target":["https:\/\/imovelcomercial.imb.br\/novo\/conheca-nossa-empresa\/#respond"]}]},{"@type":"WebPage","@id":"https:\/\/imovelcomercial.imb.br\/novo\/conheca-nossa-empresa\/","url":"https:\/\/imovelcomercial.imb.br\/novo\/conheca-nossa-empresa\/","name":"Conhe\u00e7a nossa Empresa - Im\u00f3vel Comercial - S\u00e3o Paulo","isPartOf":{"@id":"https:\/\/imovelcomercial.imb.br\/novo\/#website"},"datePublished":"2014-02-25T03:06:10+00:00","dateModified":"2014-02-25T03:07:57+00:00","breadcrumb":{"@id":"https:\/\/imovelcomercial.imb.br\/novo\/conheca-nossa-empresa\/#breadcrumb"},"inLanguage":"pt-BR","potentialAction":[{"@type":"ReadAction","target":["https:\/\/imovelcomercial.imb.br\/novo\/conheca-nossa-empresa\/"]}]},{"@type":"BreadcrumbList","@id":"https:\/\/imovelcomercial.imb.br\/novo\/conheca-nossa-empresa\/#breadcrumb","itemListElement":[{"@type":"ListItem","position":1,"name":"Home","item":"https:\/\/imovelcomercial.imb.br\/novo\/"},{"@type":"ListItem","position":2,"name":"Conhe\u00e7a nossa Empresa"}]},{"@type":"WebSite","@id":"https:\/\/imovelcomercial.imb.br\/novo\/#website","url":"https:\/\/imovelcomercial.imb.br\/novo\/","name":"Im\u00f3vel Comercial - S\u00e3o Paulo","description":"Imovel Comercial em S\u00e3o Paulo - Regi\u00e3o da Paulista, Itaim, Vila Olimpia e Berrini","publisher":{"@id":"https:\/\/imovelcomercial.imb.br\/novo\/#organization"},"potentialAction":[{"@type":"SearchAction","target":{"@type":"EntryPoint","urlTemplate":"https:\/\/imovelcomercial.imb.br\/novo\/?s={search_term_string}"},"query-input":"required name=search_term_string"}],"inLanguage":"pt-BR"},{"@type":"Organization","@id":"https:\/\/imovelcomercial.imb.br\/novo\/#organization","name":"Im\u00f3vel Comercial - S\u00e3o Paulo","url":"https:\/\/imovelcomercial.imb.br\/novo\/","logo":{"@type":"ImageObject","inLanguage":"pt-BR","@id":"https:\/\/imovelcomercial.imb.br\/novo\/#\/schema\/logo\/image\/","url":"https:\/\/imovelcomercial.imb.br\/novo\/wp-content\/uploads\/2022\/03\/logo.svg","contentUrl":"https:\/\/imovelcomercial.imb.br\/novo\/wp-content\/uploads\/2022\/03\/logo.svg","caption":"Im\u00f3vel Comercial - S\u00e3o Paulo"},"image":{"@id":"https:\/\/imovelcomercial.imb.br\/novo\/#\/schema\/logo\/image\/"}},{"@type":"Person","@id":"https:\/\/imovelcomercial.imb.br\/novo\/#\/schema\/person\/cadfddb51e07c9bc6fe4fb57c529a45c","name":"sarue","image":{"@type":"ImageObject","inLanguage":"pt-BR","@id":"https:\/\/imovelcomercial.imb.br\/novo\/#\/schema\/person\/image\/","url":"https:\/\/secure.gravatar.com\/avatar\/41bf698bb141c25947835e71b685d87933560b83b74f944f5b4a7ec6a3d69f22?s=96&d=mm&r=g","contentUrl":"https:\/\/secure.gravatar.com\/avatar\/41bf698bb141c25947835e71b685d87933560b83b74f944f5b4a7ec6a3d69f22?s=96&d=mm&r=g","caption":"sarue"},"url":"https:\/\/imovelcomercial.imb.br\/novo\/author\/sarue\/"}]}},"_links":{"self":[{"href":"https:\/\/imovelcomercial.imb.br\/novo\/wp-json\/wp\/v2\/posts\/92","targetHints":{"allow":["GET"]}}],"collection":[{"href":"https:\/\/imovelcomercial.imb.br\/novo\/wp-json\/wp\/v2\/posts"}],"about":[{"href":"https:\/\/imovelcomercial.imb.br\/novo\/wp-json\/wp\/v2\/types\/post"}],"author":[{"embeddable":true,"href":"https:\/\/imovelcomercial.imb.br\/novo\/wp-json\/wp\/v2\/users\/1"}],"replies":[{"embeddable":true,"href":"https:\/\/imovelcomercial.imb.br\/novo\/wp-json\/wp\/v2\/comments?post=92"}],"version-history":[{"count":2,"href":"https:\/\/imovelcomercial.imb.br\/novo\/wp-json\/wp\/v2\/posts\/92\/revisions"}],"predecessor-version":[{"id":94,"href":"https:\/\/imovelcomercial.imb.br\/novo\/wp-json\/wp\/v2\/posts\/92\/revisions\/94"}],"wp:attachment":[{"href":"https:\/\/imovelcomercial.imb.br\/novo\/wp-json\/wp\/v2\/media?parent=92"}],"wp:term":[{"taxonomy":"category","embeddable":true,"href":"https:\/\/imovelcomercial.imb.br\/novo\/wp-json\/wp\/v2\/categories?post=92"},{"taxonomy":"post_tag","embeddable":true,"href":"https:\/\/imovelcomercial.imb.br\/novo\/wp-json\/wp\/v2\/tags?post=92"}],"curies":[{"name":"wp","href":"https:\/\/api.w.org\/{rel}","templated":true}]}}